{"id":1255,"date":"2024-09-22T16:05:17","date_gmt":"2024-09-22T14:05:17","guid":{"rendered":"https:\/\/repaircafe-ludwigslust.de\/?p=1255"},"modified":"2025-10-29T10:37:28","modified_gmt":"2025-10-29T09:37:28","slug":"bericht-von-der-mitgliederversammlung-2024","status":"publish","type":"post","link":"https:\/\/repaircafe-ludwigslust.de\/index.php\/2024\/09\/22\/bericht-von-der-mitgliederversammlung-2024\/","title":{"rendered":"Bericht von der Mitgliederversammlung 2024"},"content":{"rendered":"\n<p>Am Sonnabend den 21 September 2024 fand in den R\u00e4umen des Repaircafes in der Schlossstrasse 30 unsere j\u00e4hrliche Mitgliederversammlung statt.<\/p>\n\n\n\n<h2 class=\"wp-block-heading\">Bericht des Vorstandes und der Kassenpr\u00fcfer<\/h2>\n\n\n\n<p>Der Bericht des Vorstandes f\u00fcr das Jahr 2023\/2024, sowie der Bericht der Kassenpr\u00fcfer wurden verlesen und angenommen. <\/p>\n\n\n\n<h2 class=\"wp-block-heading\">Entlastung des Vorstandes<\/h2>\n\n\n\n<p>Der Vorstand wurde entlastet.<\/p>\n\n\n\n<h2 class=\"wp-block-heading\">Neuwahl\/Best\u00e4tigung des Vorstandes <\/h2>\n\n\n\n<p>Es wurde ein neuer Vorstand gew\u00e4hlt, wobei Dietmar Kr\u00fcger und Maik St\u00f6ckinger als in Ihrem Amt als Vorsitzende best\u00e4tigt wurden. <\/p>\n\n\n\n<p>Neu in den Vorstand gew\u00e4hlt wurden Sophie Glassmann und Markus Stangel als Beisitzer .<\/p>\n\n\n\n<h2 class=\"wp-block-heading\">Kassenpr\u00fcfer<\/h2>\n\n\n\n<p>Corinna St\u00f6ckinger und Jochen Laser wurden zu Kassenpr\u00fcfern bestellt.<\/p>\n\n\n\n<h2 class=\"wp-block-heading\">\u00c4nderungen an der Satzung<\/h2>\n\n\n\n<p>Es wurden zwei wesentliche \u00c4nderungen an der Satzung beschlossen:<\/p>\n\n\n\n<ul class=\"wp-block-list\">\n<li><strong>L\u00f6schung des Satzungszieles Vereinseintragung:<\/strong> Da der Verein mittlerweile den Status &#8222;eingetragener Verein&#8220; und die Anerkennung der Gemeinn\u00fctzigkeit erreicht hat, wird das Ziel den Verein in das Vereinsregister eintragen zu lassen gestrichen.<\/li>\n\n\n\n<li><strong>Erm\u00f6glichen einer F\u00f6rdermitgliedschaft:<\/strong> Die Satzung wurde dahingehend ge\u00e4ndert, dass wir in Zukunft interessierten eine F\u00f6rdermitgliedschaft (ohne Stimmrecht in der Mitgliederversammlung) erm\u00f6glichen.<\/li>\n<\/ul>\n","protected":false},"excerpt":{"rendered":"<p>Am Sonnabend den 21 September 2024 fand in den R\u00e4umen des Repaircafes in der Schlossstrasse 30 unsere j\u00e4hrliche Mitgliederversammlung statt. Bericht des Vorstandes und der Kassenpr\u00fcfer Der Bericht des Vorstandes [&hellip;]<\/p>\n","protected":false},"author":1,"featured_media":0,"comment_status":"closed","ping_status":"open","sticky":false,"template":"","format":"standard","meta":{"footnotes":""},"categories":[11],"tags":[],"class_list":["post-1255","post","type-post","status-publish","format-standard","hentry","category-verein"],"_links":{"self":[{"href":"https:\/\/repaircafe-ludwigslust.de\/index.php\/wp-json\/wp\/v2\/posts\/1255","targetHints":{"allow":["GET"]}}],"collection":[{"href":"https:\/\/repaircafe-ludwigslust.de\/index.php\/wp-json\/wp\/v2\/posts"}],"about":[{"href":"https:\/\/repaircafe-ludwigslust.de\/index.php\/wp-json\/wp\/v2\/types\/post"}],"author":[{"embeddable":true,"href":"https:\/\/repaircafe-ludwigslust.de\/index.php\/wp-json\/wp\/v2\/users\/1"}],"replies":[{"embeddable":true,"href":"https:\/\/repaircafe-ludwigslust.de\/index.php\/wp-json\/wp\/v2\/comments?post=1255"}],"version-history":[{"count":3,"href":"https:\/\/repaircafe-ludwigslust.de\/index.php\/wp-json\/wp\/v2\/posts\/1255\/revisions"}],"predecessor-version":[{"id":1615,"href":"https:\/\/repaircafe-ludwigslust.de\/index.php\/wp-json\/wp\/v2\/posts\/1255\/revisions\/1615"}],"wp:attachment":[{"href":"https:\/\/repaircafe-ludwigslust.de\/index.php\/wp-json\/wp\/v2\/media?parent=1255"}],"wp:term":[{"taxonomy":"category","embeddable":true,"href":"https:\/\/repaircafe-ludwigslust.de\/index.php\/wp-json\/wp\/v2\/categories?post=1255"},{"taxonomy":"post_tag","embeddable":true,"href":"https:\/\/repaircafe-ludwigslust.de\/index.php\/wp-json\/wp\/v2\/tags?post=1255"}],"curies":[{"name":"wp","href":"https:\/\/api.w.org\/{rel}","templated":true}]}}