{"id":1260,"date":"2024-10-19T19:27:20","date_gmt":"2024-10-19T17:27:20","guid":{"rendered":"https:\/\/repaircafe-ludwigslust.de\/?p=1260"},"modified":"2024-10-19T19:53:56","modified_gmt":"2024-10-19T17:53:56","slug":"international-repairday-2024","status":"publish","type":"post","link":"https:\/\/repaircafe-ludwigslust.de\/index.php\/2024\/10\/19\/international-repairday-2024\/","title":{"rendered":"Internationaler Tag der Reparatur 2024"},"content":{"rendered":"\n<p>Mit einem unserer mittlerweile schon traditionellen <a href=\"https:\/\/repaircafe-ludwigslust.de\/index.php\/was-ist-ein-repaircafe\/\" data-type=\"page\" data-id=\"190\" target=\"_blank\" rel=\"noreferrer noopener\">Ludwigsluster  Repaircaf\u00e9s<\/a> haben wir uns selbst zum <a href=\"https:\/\/de.wikipedia.org\/wiki\/Internationaler_Tag_f%C3%BCr_Reparatur\" target=\"_blank\" rel=\"noreferrer noopener\">Internationalen Tag der Reparatur am 19.10.2024<\/a> gratuliert.<\/p>\n\n\n\n<figure class=\"wp-block-image size-large\"><img loading=\"lazy\" decoding=\"async\" width=\"1024\" height=\"1024\" src=\"https:\/\/repaircafe-ludwigslust.de\/wp-content\/uploads\/2024\/10\/Card-5-1024x1024.png\" alt=\"\" class=\"wp-image-1261\" srcset=\"https:\/\/repaircafe-ludwigslust.de\/wp-content\/uploads\/2024\/10\/Card-5-1024x1024.png 1024w, https:\/\/repaircafe-ludwigslust.de\/wp-content\/uploads\/2024\/10\/Card-5-300x300.png 300w, https:\/\/repaircafe-ludwigslust.de\/wp-content\/uploads\/2024\/10\/Card-5-150x150.png 150w, https:\/\/repaircafe-ludwigslust.de\/wp-content\/uploads\/2024\/10\/Card-5-768x768.png 768w, https:\/\/repaircafe-ludwigslust.de\/wp-content\/uploads\/2024\/10\/Card-5.png 1080w\" sizes=\"auto, (max-width: 1024px) 100vw, 1024px\" \/><\/figure>\n\n\n\n<p>Reparieren ist auf dem Vormarsch. Die <a href=\"https:\/\/eur-lex.europa.eu\/legal-content\/DE\/TXT\/?uri=CELEX:32024L1799\" target=\"_blank\" rel=\"noreferrer noopener\">EU Reparaturrichtlinie <\/a>ist mittlerweile verabschiedet, und wartet darauf in nationales Recht umgesetzt zu werden. Und w\u00e4hrend wir uns noch fragen warum Hersteller in Zukunft f\u00fcr Staubsauger und Tablets Reparaturen zu fairen Preisen erm\u00f6glichen m\u00fcssen, das aber nicht f\u00fcr Mixer und Kaffeemaschinen gilt, sind andere schon weiter.<br><br>In <a href=\"https:\/\/www.reparaturbonus.at\/\" target=\"_blank\" rel=\"noreferrer noopener\">\u00d6sterreich<\/a><a href=\"https:\/\/www.reparaturbonus.at\/\"> <\/a>und <a href=\"https:\/\/www.tagesschau.de\/wirtschaft\/verbraucher\/reparaturbonus-frankreich-100.html\" target=\"_blank\" rel=\"noreferrer noopener\">Frankreich<\/a>, aber auch in<a href=\"https:\/\/www.sab.sachsen.de\/reparaturbonus\" target=\"_blank\" rel=\"noreferrer noopener\"> Sachsen<\/a> und  <a href=\"https:\/\/www.reparaturbonus-thueringen.de\/\">Th\u00fcringen <\/a>wird zur F\u00f6rderung  des Reparierens B\u00fcrgern die ein Ger\u00e4t in einer Fachwerkstatt oder bei einer registrierten Reparaturinitiative reparieren lassen ein Zuschuss zu den Reparaturkosten gezahlt.  Das f\u00f6rdert die lokale Wirtschaft, freut die Umwelt und macht das Thema &#8222;Reparieren statt Wegwerfen&#8220; popul\u00e4r.<br><br>Leider gibt es in MV noch nichts dergleichen, aber der Landkreis Starnberg macht es vor: Anstatt darauf zu warten dass Bund oder Land einen Reparaturbonus einf\u00fchren, <a href=\"https:\/\/www.awista-starnberg.de\/reparaturbonus\/\" data-type=\"link\" data-id=\"https:\/\/www.awista-starnberg.de\/reparaturbonus\/\" target=\"_blank\" rel=\"noreferrer noopener\">macht man es einfach selbst \ud83d\ude42 <\/a><\/p>\n\n\n\n<p>Die Starnberger reparieren die Welt. Und sie fangen damit vor Ihrer eigenen T\u00fcr an.<br>K\u00f6nnen <a href=\"https:\/\/repaircafe-ludwigslust.de\/\" data-type=\"page\" data-id=\"9\">wir<\/a> das vielleicht auch?<\/p>\n\n\n\n<p><\/p>\n","protected":false},"excerpt":{"rendered":"<p>Mit einem unserer mittlerweile schon traditionellen Ludwigsluster Repaircaf\u00e9s haben wir uns selbst zum Internationalen Tag der Reparatur am 19.10.2024 gratuliert. Reparieren ist auf dem Vormarsch. Die EU Reparaturrichtlinie ist mittlerweile [&hellip;]<\/p>\n","protected":false},"author":1,"featured_media":0,"comment_status":"closed","ping_status":"open","sticky":false,"template":"","format":"standard","meta":{"footnotes":""},"categories":[1],"tags":[],"class_list":["post-1260","post","type-post","status-publish","format-standard","hentry","category-reparaturinitiativen-2"],"_links":{"self":[{"href":"https:\/\/repaircafe-ludwigslust.de\/index.php\/wp-json\/wp\/v2\/posts\/1260","targetHints":{"allow":["GET"]}}],"collection":[{"href":"https:\/\/repaircafe-ludwigslust.de\/index.php\/wp-json\/wp\/v2\/posts"}],"about":[{"href":"https:\/\/repaircafe-ludwigslust.de\/index.php\/wp-json\/wp\/v2\/types\/post"}],"author":[{"embeddable":true,"href":"https:\/\/repaircafe-ludwigslust.de\/index.php\/wp-json\/wp\/v2\/users\/1"}],"replies":[{"embeddable":true,"href":"https:\/\/repaircafe-ludwigslust.de\/index.php\/wp-json\/wp\/v2\/comments?post=1260"}],"version-history":[{"count":4,"href":"https:\/\/repaircafe-ludwigslust.de\/index.php\/wp-json\/wp\/v2\/posts\/1260\/revisions"}],"predecessor-version":[{"id":1268,"href":"https:\/\/repaircafe-ludwigslust.de\/index.php\/wp-json\/wp\/v2\/posts\/1260\/revisions\/1268"}],"wp:attachment":[{"href":"https:\/\/repaircafe-ludwigslust.de\/index.php\/wp-json\/wp\/v2\/media?parent=1260"}],"wp:term":[{"taxonomy":"category","embeddable":true,"href":"https:\/\/repaircafe-ludwigslust.de\/index.php\/wp-json\/wp\/v2\/categories?post=1260"},{"taxonomy":"post_tag","embeddable":true,"href":"https:\/\/repaircafe-ludwigslust.de\/index.php\/wp-json\/wp\/v2\/tags?post=1260"}],"curies":[{"name":"wp","href":"https:\/\/api.w.org\/{rel}","templated":true}]}}