{"id":1649,"date":"2025-11-25T19:10:12","date_gmt":"2025-11-25T18:10:12","guid":{"rendered":"https:\/\/repaircafe-ludwigslust.de\/?p=1649"},"modified":"2025-11-25T19:12:30","modified_gmt":"2025-11-25T18:12:30","slug":"europaeische-woche-der-abfallvermeidung-wir-sind-dabei","status":"publish","type":"post","link":"https:\/\/repaircafe-ludwigslust.de\/index.php\/2025\/11\/25\/europaeische-woche-der-abfallvermeidung-wir-sind-dabei\/","title":{"rendered":"Europ\u00e4ische Woche der Abfallvermeidung &#8211; Wir sind dabei!"},"content":{"rendered":"\n<div class=\"wp-block-media-text is-stacked-on-mobile\" style=\"grid-template-columns:85% auto\"><figure class=\"wp-block-media-text__media\"><img loading=\"lazy\" decoding=\"async\" width=\"1000\" height=\"395\" src=\"https:\/\/repaircafe-ludwigslust.de\/wp-content\/uploads\/2025\/11\/ewav-2025-banner.jpg\" alt=\"\" class=\"wp-image-1645 size-full\" srcset=\"https:\/\/repaircafe-ludwigslust.de\/wp-content\/uploads\/2025\/11\/ewav-2025-banner.jpg 1000w, https:\/\/repaircafe-ludwigslust.de\/wp-content\/uploads\/2025\/11\/ewav-2025-banner-300x119.jpg 300w, https:\/\/repaircafe-ludwigslust.de\/wp-content\/uploads\/2025\/11\/ewav-2025-banner-768x303.jpg 768w\" sizes=\"auto, (max-width: 1000px) 100vw, 1000px\" \/><\/figure><div class=\"wp-block-media-text__content\">\n<p><\/p>\n<\/div><\/div>\n\n\n\n<p><br><br>Im Rahmen der <a href=\"https:\/\/wochederabfallvermeidung.de\/\" target=\"_blank\" rel=\"noreferrer noopener\">Europ\u00e4ischen Woche der Abfallvermeidung 2025<\/a> bietet das Repaircafe Ludwigslust e.V. zusammen mit der\u00a0 <a href=\"https:\/\/alp-lup.de\/\" target=\"_blank\" rel=\"noreferrer noopener\">Abfallwirtschaft Ludwigslust-Parchim A\u00f6R<\/a> unseren B\u00fcrgerinnen ein <a href=\"https:\/\/repaircafe-ludwigslust.de\/index.php\/event\/1644\/\">au\u00dferplanm\u00e4\u00dfiges Repaircafe<\/a> zur Rettung ihrer E-Ger\u00e4te vor dem Elektroschrott-Container an.<\/p>\n\n\n\n<p>Am 27.11.2025 \u00f6ffnet das <a href=\"https:\/\/repaircafe-ludwigslust.de\" target=\"_blank\" rel=\"noreferrer noopener\">Repair-Caf\u00e9 Ludwigslust<\/a> von 09:00 bis 12:00 Uhr, speziell um Elektroger\u00e4ten neues Leben einzuhauchen. Aber auch ohne kaputtes Ger\u00e4t sind sie bei uns willkommen und k\u00f6nnen sich gerne \u00fcber uns, und unsere Arbeit informieren.<\/p>\n","protected":false},"excerpt":{"rendered":"<p>Im Rahmen der Europ\u00e4ischen Woche der Abfallvermeidung 2025 bietet das Repaircafe Ludwigslust e.V. zusammen mit der\u00a0 Abfallwirtschaft Ludwigslust-Parchim A\u00f6R unseren B\u00fcrgerinnen ein au\u00dferplanm\u00e4\u00dfiges Repaircafe zur Rettung ihrer E-Ger\u00e4te vor dem [&hellip;]<\/p>\n","protected":false},"author":1,"featured_media":0,"comment_status":"closed","ping_status":"open","sticky":false,"template":"","format":"standard","meta":{"footnotes":""},"categories":[1],"tags":[],"class_list":["post-1649","post","type-post","status-publish","format-standard","hentry","category-reparaturinitiativen-2"],"_links":{"self":[{"href":"https:\/\/repaircafe-ludwigslust.de\/index.php\/wp-json\/wp\/v2\/posts\/1649","targetHints":{"allow":["GET"]}}],"collection":[{"href":"https:\/\/repaircafe-ludwigslust.de\/index.php\/wp-json\/wp\/v2\/posts"}],"about":[{"href":"https:\/\/repaircafe-ludwigslust.de\/index.php\/wp-json\/wp\/v2\/types\/post"}],"author":[{"embeddable":true,"href":"https:\/\/repaircafe-ludwigslust.de\/index.php\/wp-json\/wp\/v2\/users\/1"}],"replies":[{"embeddable":true,"href":"https:\/\/repaircafe-ludwigslust.de\/index.php\/wp-json\/wp\/v2\/comments?post=1649"}],"version-history":[{"count":3,"href":"https:\/\/repaircafe-ludwigslust.de\/index.php\/wp-json\/wp\/v2\/posts\/1649\/revisions"}],"predecessor-version":[{"id":1652,"href":"https:\/\/repaircafe-ludwigslust.de\/index.php\/wp-json\/wp\/v2\/posts\/1649\/revisions\/1652"}],"wp:attachment":[{"href":"https:\/\/repaircafe-ludwigslust.de\/index.php\/wp-json\/wp\/v2\/media?parent=1649"}],"wp:term":[{"taxonomy":"category","embeddable":true,"href":"https:\/\/repaircafe-ludwigslust.de\/index.php\/wp-json\/wp\/v2\/categories?post=1649"},{"taxonomy":"post_tag","embeddable":true,"href":"https:\/\/repaircafe-ludwigslust.de\/index.php\/wp-json\/wp\/v2\/tags?post=1649"}],"curies":[{"name":"wp","href":"https:\/\/api.w.org\/{rel}","templated":true}]}}