{"id":424,"date":"2022-10-09T14:19:38","date_gmt":"2022-10-09T14:19:38","guid":{"rendered":"https:\/\/repaircafe-ludwigslust.de\/?p=424"},"modified":"2022-10-09T18:01:19","modified_gmt":"2022-10-09T18:01:19","slug":"das-repaircafe-ludwigslust-gruendet-einen-verein","status":"publish","type":"post","link":"https:\/\/repaircafe-ludwigslust.de\/index.php\/2022\/10\/09\/das-repaircafe-ludwigslust-gruendet-einen-verein\/","title":{"rendered":"Wir haben einen Verein gegr\u00fcndet"},"content":{"rendered":"\n<div class=\"wp-block-columns is-layout-flex wp-container-core-columns-is-layout-9d6595d7 wp-block-columns-is-layout-flex\">\n<div class=\"wp-block-column is-layout-flow wp-block-column-is-layout-flow\">\n<p>Am Sonnabend den 8.10.2022 haben wir uns als Verein gegr\u00fcndet, um unsere Aktivit\u00e4ten in Zukunft auf dieser Basis besser zu betreiben zu k\u00f6nnen. <br><br>Wie sich das geh\u00f6rt haben wir <a href=\"https:\/\/repaircafe-ludwigslust.de\/wp-content\/uploads\/2022\/10\/Satzung-Repaircafe-20221008.pdf\" data-type=\"attachment\" data-id=\"436\"> eine Satzung<\/a> verabschiedet und Jans Heinrich und Maik St\u00f6ckinger als Vorst\u00e4nde gew\u00e4hlt.<br><br>Als n\u00e4chste Schritte streben wir die Eintragung des Vereins in das Vereinsregister und die Anerkennung unserer Gemeinn\u00fctzigkeit an.<br>  <br>. <br><br><br><br><\/p>\n<\/div>\n\n\n\n<div class=\"wp-block-column is-layout-flow wp-block-column-is-layout-flow\">\n<figure class=\"wp-block-image size-large is-resized\"><img loading=\"lazy\" decoding=\"async\" src=\"https:\/\/repaircafe-ludwigslust.de\/wp-content\/uploads\/2022\/10\/21393-768x1024.jpg\" alt=\"\" class=\"wp-image-425\" width=\"503\" height=\"670\" srcset=\"https:\/\/repaircafe-ludwigslust.de\/wp-content\/uploads\/2022\/10\/21393-768x1024.jpg 768w, https:\/\/repaircafe-ludwigslust.de\/wp-content\/uploads\/2022\/10\/21393-225x300.jpg 225w, https:\/\/repaircafe-ludwigslust.de\/wp-content\/uploads\/2022\/10\/21393-1152x1536.jpg 1152w, https:\/\/repaircafe-ludwigslust.de\/wp-content\/uploads\/2022\/10\/21393-1200x1600.jpg 1200w, https:\/\/repaircafe-ludwigslust.de\/wp-content\/uploads\/2022\/10\/21393.jpg 1536w\" sizes=\"auto, (max-width: 503px) 100vw, 503px\" \/><figcaption>Die Gr\u00fcnder <\/figcaption><\/figure>\n\n\n\n<p><\/p>\n<\/div>\n<\/div>\n","protected":false},"excerpt":{"rendered":"<p>Am Sonnabend den 8.10.2022 haben wir uns als Verein gegr\u00fcndet, um unsere Aktivit\u00e4ten in Zukunft auf dieser Basis besser zu betreiben zu k\u00f6nnen. Wie sich das geh\u00f6rt haben wir eine [&hellip;]<\/p>\n","protected":false},"author":1,"featured_media":0,"comment_status":"closed","ping_status":"open","sticky":false,"template":"","format":"standard","meta":{"footnotes":""},"categories":[11],"tags":[],"class_list":["post-424","post","type-post","status-publish","format-standard","hentry","category-verein"],"_links":{"self":[{"href":"https:\/\/repaircafe-ludwigslust.de\/index.php\/wp-json\/wp\/v2\/posts\/424","targetHints":{"allow":["GET"]}}],"collection":[{"href":"https:\/\/repaircafe-ludwigslust.de\/index.php\/wp-json\/wp\/v2\/posts"}],"about":[{"href":"https:\/\/repaircafe-ludwigslust.de\/index.php\/wp-json\/wp\/v2\/types\/post"}],"author":[{"embeddable":true,"href":"https:\/\/repaircafe-ludwigslust.de\/index.php\/wp-json\/wp\/v2\/users\/1"}],"replies":[{"embeddable":true,"href":"https:\/\/repaircafe-ludwigslust.de\/index.php\/wp-json\/wp\/v2\/comments?post=424"}],"version-history":[{"count":9,"href":"https:\/\/repaircafe-ludwigslust.de\/index.php\/wp-json\/wp\/v2\/posts\/424\/revisions"}],"predecessor-version":[{"id":483,"href":"https:\/\/repaircafe-ludwigslust.de\/index.php\/wp-json\/wp\/v2\/posts\/424\/revisions\/483"}],"wp:attachment":[{"href":"https:\/\/repaircafe-ludwigslust.de\/index.php\/wp-json\/wp\/v2\/media?parent=424"}],"wp:term":[{"taxonomy":"category","embeddable":true,"href":"https:\/\/repaircafe-ludwigslust.de\/index.php\/wp-json\/wp\/v2\/categories?post=424"},{"taxonomy":"post_tag","embeddable":true,"href":"https:\/\/repaircafe-ludwigslust.de\/index.php\/wp-json\/wp\/v2\/tags?post=424"}],"curies":[{"name":"wp","href":"https:\/\/api.w.org\/{rel}","templated":true}]}}