{"id":572,"date":"2022-10-23T20:13:13","date_gmt":"2022-10-23T20:13:13","guid":{"rendered":"https:\/\/repaircafe-ludwigslust.de\/?p=572"},"modified":"2022-10-23T20:15:51","modified_gmt":"2022-10-23T20:15:51","slug":"repaircafe-am-22-10-2022","status":"publish","type":"post","link":"https:\/\/repaircafe-ludwigslust.de\/index.php\/2022\/10\/23\/repaircafe-am-22-10-2022\/","title":{"rendered":"Repaircafe am 22.10.2022"},"content":{"rendered":"\n<div class=\"wp-block-columns is-layout-flex wp-container-core-columns-is-layout-9d6595d7 wp-block-columns-is-layout-flex\">\n<div class=\"wp-block-column is-layout-flow wp-block-column-is-layout-flow\">\n<div class=\"wp-block-group\"><div class=\"wp-block-group__inner-container is-layout-flow wp-block-group-is-layout-flow\"><\/div><\/div>\n<\/div>\n<\/div>\n\n\n\n<div class=\"wp-block-columns is-layout-flex wp-container-core-columns-is-layout-9d6595d7 wp-block-columns-is-layout-flex\">\n<div class=\"wp-block-column is-layout-flow wp-block-column-is-layout-flow\" style=\"flex-basis:66.66%\">\n<div class=\"wp-block-group\"><div class=\"wp-block-group__inner-container is-layout-flow wp-block-group-is-layout-flow\">\n<p>Am Sonnabend den 22.Oktober war das Repaircafe in der Schlo\u00dfstrasse wieder planm\u00e4\u00dfig ge\u00f6ffnet. Dabei haben wir: <\/p>\n<\/div><\/div>\n\n\n\n<ul class=\"wp-block-list\"><li>1 Staubsauger<\/li><li>1 Hifi-Kombiger\u00e4t<\/li><li>2 St\u00fchle<\/li><li>1 Radiowecker<\/li><li>&#8230; m\u00f6glicherweise einige weitere Gegenst\u00e4nde die dem schmalen Aufmerksamkeitstunnel des Autors entgangen sind&#8230; <\/li><\/ul>\n\n\n\n<p>&#8230;vor der M\u00fclltonne bewahrt, sowie einige Kekse und diverse St\u00fccke Kuchen die unsere netten Besucher mitgebracht haben vertilgt.<br>Einige weitere Gegenst\u00e4nde warten noch auf Ersatzteile.  <br>Das <a href=\"https:\/\/repaircafe-ludwigslust.de\/index.php\/event\/repaircafe-am-sonnabend\/\" data-type=\"URL\" data-id=\"https:\/\/repaircafe-ludwigslust.de\/index.php\/event\/repaircafe-am-sonnabend\/\">n\u00e4chste planm\u00e4\u00dfige Repaircafe<\/a> findet am 5.11.2022 statt.<br>Wir freuen uns schon darauf.<\/p>\n<\/div>\n\n\n\n<div class=\"wp-block-column is-layout-flow wp-block-column-is-layout-flow\" style=\"flex-basis:33.33%\">\n<figure class=\"wp-block-image size-large is-resized\"><img loading=\"lazy\" decoding=\"async\" src=\"https:\/\/repaircafe-ludwigslust.de\/wp-content\/uploads\/2022\/10\/Repaircafe.20221022-1024x958.jpg\" alt=\"Bei der Reparatur eines Radioweckers\" class=\"wp-image-569\" width=\"408\" height=\"381\" srcset=\"https:\/\/repaircafe-ludwigslust.de\/wp-content\/uploads\/2022\/10\/Repaircafe.20221022-1024x958.jpg 1024w, https:\/\/repaircafe-ludwigslust.de\/wp-content\/uploads\/2022\/10\/Repaircafe.20221022-300x281.jpg 300w, https:\/\/repaircafe-ludwigslust.de\/wp-content\/uploads\/2022\/10\/Repaircafe.20221022-768x719.jpg 768w, https:\/\/repaircafe-ludwigslust.de\/wp-content\/uploads\/2022\/10\/Repaircafe.20221022-1536x1437.jpg 1536w, https:\/\/repaircafe-ludwigslust.de\/wp-content\/uploads\/2022\/10\/Repaircafe.20221022-1200x1123.jpg 1200w, https:\/\/repaircafe-ludwigslust.de\/wp-content\/uploads\/2022\/10\/Repaircafe.20221022.jpg 1614w\" sizes=\"auto, (max-width: 408px) 100vw, 408px\" \/><\/figure>\n<\/div>\n<\/div>\n","protected":false},"excerpt":{"rendered":"<p>Am Sonnabend den 22.Oktober war das Repaircafe in der Schlo\u00dfstrasse wieder planm\u00e4\u00dfig ge\u00f6ffnet. Dabei haben wir: 1 Staubsauger 1 Hifi-Kombiger\u00e4t 2 St\u00fchle 1 Radiowecker &#8230; m\u00f6glicherweise einige weitere Gegenst\u00e4nde die [&hellip;]<\/p>\n","protected":false},"author":1,"featured_media":0,"comment_status":"closed","ping_status":"open","sticky":false,"template":"","format":"standard","meta":{"footnotes":""},"categories":[12],"tags":[],"class_list":["post-572","post","type-post","status-publish","format-standard","hentry","category-veranstaltungen"],"_links":{"self":[{"href":"https:\/\/repaircafe-ludwigslust.de\/index.php\/wp-json\/wp\/v2\/posts\/572","targetHints":{"allow":["GET"]}}],"collection":[{"href":"https:\/\/repaircafe-ludwigslust.de\/index.php\/wp-json\/wp\/v2\/posts"}],"about":[{"href":"https:\/\/repaircafe-ludwigslust.de\/index.php\/wp-json\/wp\/v2\/types\/post"}],"author":[{"embeddable":true,"href":"https:\/\/repaircafe-ludwigslust.de\/index.php\/wp-json\/wp\/v2\/users\/1"}],"replies":[{"embeddable":true,"href":"https:\/\/repaircafe-ludwigslust.de\/index.php\/wp-json\/wp\/v2\/comments?post=572"}],"version-history":[{"count":3,"href":"https:\/\/repaircafe-ludwigslust.de\/index.php\/wp-json\/wp\/v2\/posts\/572\/revisions"}],"predecessor-version":[{"id":575,"href":"https:\/\/repaircafe-ludwigslust.de\/index.php\/wp-json\/wp\/v2\/posts\/572\/revisions\/575"}],"wp:attachment":[{"href":"https:\/\/repaircafe-ludwigslust.de\/index.php\/wp-json\/wp\/v2\/media?parent=572"}],"wp:term":[{"taxonomy":"category","embeddable":true,"href":"https:\/\/repaircafe-ludwigslust.de\/index.php\/wp-json\/wp\/v2\/categories?post=572"},{"taxonomy":"post_tag","embeddable":true,"href":"https:\/\/repaircafe-ludwigslust.de\/index.php\/wp-json\/wp\/v2\/tags?post=572"}],"curies":[{"name":"wp","href":"https:\/\/api.w.org\/{rel}","templated":true}]}}