{"id":727,"date":"2023-07-14T22:27:15","date_gmt":"2023-07-14T20:27:15","guid":{"rendered":"https:\/\/repaircafe-ludwigslust.de\/?p=727"},"modified":"2023-09-10T12:13:57","modified_gmt":"2023-09-10T10:13:57","slug":"repaircafe-ludwigslust-wird-eingetragener-verein","status":"publish","type":"post","link":"https:\/\/repaircafe-ludwigslust.de\/index.php\/2023\/07\/14\/repaircafe-ludwigslust-wird-eingetragener-verein\/","title":{"rendered":"Repaircaf\u00e9 Ludwigslust wird eingetragener Verein."},"content":{"rendered":"\n<p>Im Oktober 2022 haben wir uns eine Satzung gegeben und die Eintragung in das Vereinsregister beantragt. Und nach nur 9 Monaten ist es soweit: Das Repaircaf\u00e9 ist in das Vereinsregister des Amtsgerichts Schwerin eingetragen! <br><br>Technische Detailts zu unserem neuen Status entnehmen Sie bitte unserem <a href=\"https:\/\/repaircafe-ludwigslust.de\/index.php\/impressum\/\" data-type=\"page\" data-id=\"33\">Impressum<\/a>. <br><br>Unser n\u00e4chstes Ziel auf b\u00fcrokratischer Ebene ist jetzt die Anerkennung der Gemeinn\u00fctzigkeit f\u00fcr unseren Verein. <\/p>\n","protected":false},"excerpt":{"rendered":"<p>Im Oktober 2022 haben wir uns eine Satzung gegeben und die Eintragung in das Vereinsregister beantragt. Und nach nur 9 Monaten ist es soweit: Das Repaircaf\u00e9 ist in das Vereinsregister [&hellip;]<\/p>\n","protected":false},"author":1,"featured_media":0,"comment_status":"closed","ping_status":"open","sticky":false,"template":"","format":"standard","meta":{"footnotes":""},"categories":[11],"tags":[],"class_list":["post-727","post","type-post","status-publish","format-standard","hentry","category-verein"],"_links":{"self":[{"href":"https:\/\/repaircafe-ludwigslust.de\/index.php\/wp-json\/wp\/v2\/posts\/727","targetHints":{"allow":["GET"]}}],"collection":[{"href":"https:\/\/repaircafe-ludwigslust.de\/index.php\/wp-json\/wp\/v2\/posts"}],"about":[{"href":"https:\/\/repaircafe-ludwigslust.de\/index.php\/wp-json\/wp\/v2\/types\/post"}],"author":[{"embeddable":true,"href":"https:\/\/repaircafe-ludwigslust.de\/index.php\/wp-json\/wp\/v2\/users\/1"}],"replies":[{"embeddable":true,"href":"https:\/\/repaircafe-ludwigslust.de\/index.php\/wp-json\/wp\/v2\/comments?post=727"}],"version-history":[{"count":2,"href":"https:\/\/repaircafe-ludwigslust.de\/index.php\/wp-json\/wp\/v2\/posts\/727\/revisions"}],"predecessor-version":[{"id":729,"href":"https:\/\/repaircafe-ludwigslust.de\/index.php\/wp-json\/wp\/v2\/posts\/727\/revisions\/729"}],"wp:attachment":[{"href":"https:\/\/repaircafe-ludwigslust.de\/index.php\/wp-json\/wp\/v2\/media?parent=727"}],"wp:term":[{"taxonomy":"category","embeddable":true,"href":"https:\/\/repaircafe-ludwigslust.de\/index.php\/wp-json\/wp\/v2\/categories?post=727"},{"taxonomy":"post_tag","embeddable":true,"href":"https:\/\/repaircafe-ludwigslust.de\/index.php\/wp-json\/wp\/v2\/tags?post=727"}],"curies":[{"name":"wp","href":"https:\/\/api.w.org\/{rel}","templated":true}]}}