{"id":881,"date":"2023-11-02T19:44:20","date_gmt":"2023-11-02T18:44:20","guid":{"rendered":"https:\/\/repaircafe-ludwigslust.de\/?p=881"},"modified":"2023-11-02T20:17:00","modified_gmt":"2023-11-02T19:17:00","slug":"neuer-geraetetester-ab-sofort-im-einsatz","status":"publish","type":"post","link":"https:\/\/repaircafe-ludwigslust.de\/index.php\/2023\/11\/02\/neuer-geraetetester-ab-sofort-im-einsatz\/","title":{"rendered":"Unser neuer Ger\u00e4tetester ist im Einsatz"},"content":{"rendered":"\n<figure class=\"wp-block-image size-large\"><img loading=\"lazy\" decoding=\"async\" width=\"768\" height=\"1024\" src=\"https:\/\/repaircafe-ludwigslust.de\/wp-content\/uploads\/2023\/11\/Geraetetester-768x1024.jpg\" alt=\"\" class=\"wp-image-885\" style=\"aspect-ratio:0.75\" srcset=\"https:\/\/repaircafe-ludwigslust.de\/wp-content\/uploads\/2023\/11\/Geraetetester-768x1024.jpg 768w, https:\/\/repaircafe-ludwigslust.de\/wp-content\/uploads\/2023\/11\/Geraetetester-225x300.jpg 225w, https:\/\/repaircafe-ludwigslust.de\/wp-content\/uploads\/2023\/11\/Geraetetester-1152x1536.jpg 1152w, https:\/\/repaircafe-ludwigslust.de\/wp-content\/uploads\/2023\/11\/Geraetetester-1200x1600.jpg 1200w, https:\/\/repaircafe-ludwigslust.de\/wp-content\/uploads\/2023\/11\/Geraetetester.jpg 1536w\" sizes=\"auto, (max-width: 768px) 100vw, 768px\" \/><\/figure>\n\n\n\n<p><\/p>\n\n\n\n<p>Beim letzten Repaircafe am  21.10.2023 konnten wir zum ersten Mal unseren neuen VDE Ger\u00e4tetester einsetzen. Mit diesem Ger\u00e4t k\u00f6nnen wir Elektroger\u00e4te nach der Reparatur auf sichere und korrekte Funktionsweise pr\u00fcfen. Als erstes  haben wir einen frisch reparierten Wasserkocher damit erfolgreich getestet. Die Anschaffung des Ger\u00e4tetesters war nur mit Hilfe der Stadt Ludwigslust m\u00f6glich. <a href=\"https:\/\/repaircafe-ludwigslust.de\/index.php\/2023\/09\/05\/dank-an-die-stadt-ludwigslust\/\" data-type=\"post\" data-id=\"756\">Wie schon berichtet<\/a>, hat die Stadt uns daf\u00fcr einen Zuschu\u00df von 450\u20ac bewilligt und somit \u00fcber die H\u00e4lfte der Kosten \u00fcbernommen. Daf\u00fcr bedanken wir uns auch im Namen unserer Besucher*innen noch einmal ganz herzlich! <\/p>\n","protected":false},"excerpt":{"rendered":"<p>Beim letzten Repaircafe am 21.10.2023 konnten wir zum ersten Mal unseren neuen VDE Ger\u00e4tetester einsetzen. Mit diesem Ger\u00e4t k\u00f6nnen wir Elektroger\u00e4te nach der Reparatur auf sichere und korrekte Funktionsweise pr\u00fcfen. [&hellip;]<\/p>\n","protected":false},"author":1,"featured_media":0,"comment_status":"closed","ping_status":"open","sticky":false,"template":"","format":"standard","meta":{"footnotes":""},"categories":[11],"tags":[37,36],"class_list":["post-881","post","type-post","status-publish","format-standard","hentry","category-verein","tag-foerderung-durch-die-stadt-ludwigslust","tag-geraetetester"],"_links":{"self":[{"href":"https:\/\/repaircafe-ludwigslust.de\/index.php\/wp-json\/wp\/v2\/posts\/881","targetHints":{"allow":["GET"]}}],"collection":[{"href":"https:\/\/repaircafe-ludwigslust.de\/index.php\/wp-json\/wp\/v2\/posts"}],"about":[{"href":"https:\/\/repaircafe-ludwigslust.de\/index.php\/wp-json\/wp\/v2\/types\/post"}],"author":[{"embeddable":true,"href":"https:\/\/repaircafe-ludwigslust.de\/index.php\/wp-json\/wp\/v2\/users\/1"}],"replies":[{"embeddable":true,"href":"https:\/\/repaircafe-ludwigslust.de\/index.php\/wp-json\/wp\/v2\/comments?post=881"}],"version-history":[{"count":10,"href":"https:\/\/repaircafe-ludwigslust.de\/index.php\/wp-json\/wp\/v2\/posts\/881\/revisions"}],"predecessor-version":[{"id":897,"href":"https:\/\/repaircafe-ludwigslust.de\/index.php\/wp-json\/wp\/v2\/posts\/881\/revisions\/897"}],"wp:attachment":[{"href":"https:\/\/repaircafe-ludwigslust.de\/index.php\/wp-json\/wp\/v2\/media?parent=881"}],"wp:term":[{"taxonomy":"category","embeddable":true,"href":"https:\/\/repaircafe-ludwigslust.de\/index.php\/wp-json\/wp\/v2\/categories?post=881"},{"taxonomy":"post_tag","embeddable":true,"href":"https:\/\/repaircafe-ludwigslust.de\/index.php\/wp-json\/wp\/v2\/tags?post=881"}],"curies":[{"name":"wp","href":"https:\/\/api.w.org\/{rel}","templated":true}]}}